


{"id":3082,"date":"2013-04-27T13:05:50","date_gmt":"2013-04-27T11:05:50","guid":{"rendered":"http:\/\/www.bolzplatz.org\/?p=3082"},"modified":"2013-05-02T20:10:12","modified_gmt":"2013-05-02T18:10:12","slug":"5-bolzplatz-org-wandertag-2013","status":"publish","type":"post","link":"https:\/\/www.bolzplatz.org\/?p=3082","title":{"rendered":"5. Bolzplatz.org Wandertag 2013"},"content":{"rendered":"<p>Es ist mal wieder soweit, der inzwischen <strong>f\u00fcnfte Bolzplatz.org Wandertag<\/strong> steht an. Stattfinden wird der Wandertag wie immer am 1. Mai.\u00a0In diesem Jahr geht es an die deutsch-franz\u00f6sische Grenze bei\u00a0<a href=\"http:\/\/de.wikipedia.org\/wiki\/Wissembourg\" target=\"_blank\">Wissembourg<\/a>\u00a0an die dortige\u00a0<a href=\"http:\/\/de.wikipedia.org\/wiki\/Maginot-Linie\">Maginot Linie<\/a>.<\/p>\n<p style=\"text-align: center\"><a title=\"Ligne Maginot 3 by Dirk Gently, on Flickr\" href=\"http:\/\/www.flickr.com\/photos\/6x7\/539272431\/\"><img loading=\"lazy\" decoding=\"async\" alt=\"Ligne Maginot 3\" src=\"http:\/\/farm2.staticflickr.com\/1313\/539272431_e708a569b9_n.jpg\" width=\"320\" height=\"213\" \/><\/a><br \/>\nphoto credit: <a href=\"http:\/\/www.flickr.com\/photos\/6x7\/539272431\/\">Dirk Gently<\/a>\u00a0&#8211;\u00a0<a href=\"http:\/\/creativecommons.org\/licenses\/by-nc-nd\/2.0\/\">CreativeCommons BY-NC-ND 2.0<\/a><\/p>\n<p>&nbsp;<\/p>\n<p><strong>Treffpunkt<\/strong>: 9:00 Uhr am Bolzplatz Wallstadt<br \/>\n<strong>Geplante Abfahrt<\/strong>: 9:15 Uhr<br \/>\n<strong>Start- und Ziel der Wanderung<\/strong>: <a href=\"http:\/\/osm.org\/go\/0DPHy40OE--\" target=\"_blank\">Col du Pigeonnier<\/a><\/p>\n<p>Die geplante Route\/Strecke gibt es hier schon vorab als Download: <a href=\"http:\/\/www.bolzplatz.org\/uploads\/2013\/04\/Route_BP.org-Wandertag-2013.gpx\">GPX Format<\/a><\/p>\n<p>Auf ca. der H\u00e4lfte der Strecke besteht zudem die M\u00f6glichkeit eines Einkehrschwungs beim <a href=\"http:\/\/www.restaurant-du-pfaffenschlick.com\/\" target=\"_blank\">Gasthaus du Pfaffenschlick<\/a>.\u00a0Zudem befinden sich auf der gew\u00e4hlten Route f\u00fcr alle Geocacher unter den Teilnehmern insgesamt 7 Caches. Nachfolgend eine komplette Auflistung aller m\u00f6glichen Caches:<\/p>\n<ul>\n<li><a title=\"GC27ZX1\" href=\"http:\/\/coord.info\/GC27ZX1\" target=\"_blank\">GC27ZX1<\/a><\/li>\n<li><a href=\"http:\/\/coord.info\/GC44WDT\" target=\"_blank\">GC44WDT<\/a><\/li>\n<li><a href=\"http:\/\/coord.info\/GC15BBR\" target=\"_blank\">GC15BBR<\/a><\/li>\n<li><a href=\"http:\/\/coord.info\/GC22MPH\" target=\"_blank\">GC22MPH<\/a><\/li>\n<li><a href=\"http:\/\/coord.info\/GC2N72B\" target=\"_blank\">GC2N72B<\/a><\/li>\n<li><a href=\"http:\/\/coord.info\/GC2N729\" target=\"_blank\">GC2N729<\/a><\/li>\n<li><a href=\"http:\/\/coord.info\/GC2N726\" target=\"_blank\">GC2N726<\/a><\/li>\n<\/ul>\n<p>Alle Caches gibt es auch als Pocket Query im GPX Format zum Download <a href=\"http:\/\/www.bolzplatz.org\/uploads\/2013\/04\/Caches_BP.org-Wandertag-2013.gpx\">hier<\/a>.<\/p>\n<p>Da wir h\u00f6chstwahrscheinlich alte, verlassene und heruntergekommene Bunker der Maginot Linie besichtigen k\u00f6nnen empfiehlt sich das mitnehmen einer Taschenlampe. Der Bolzplatz.org Sicherheitsbeauftragte empfiehlt zudem eine Auffrischung der Tetanus Impfung.<\/p>\n<p>F\u00fcr alle Teilnehmer mit Garmin GPS Ger\u00e4ten und keiner vorhandenen oder aktuellen Frankreich Karte empfiehlt sich der Download der folgenden Karte: <a href=\"http:\/\/freizeitkarte-osm.de\/en\/france.html\" target=\"_blank\">Freizeizeitkarte Frankreich<\/a><\/p>\n<p>Seitens des Veranstaltungsteams wird um eine Anmeldung gebeten. Bitte zudem vermerken ob die M\u00f6glichkeit besteht als Fahrer (+Auto) zu fungieren.<\/p>\n<p><span style=\"text-decoration: underline\"><strong>Update<\/strong><\/span>: Den aufgezeichneten Track der Wanderung gibts nun als Download <a href=\"http:\/\/www.bolzplatz.org\/uploads\/2013\/04\/Track_2013-05-01-162241.gpx\">hier<\/a>.<\/p>\n","protected":false},"excerpt":{"rendered":"<p>Es ist mal wieder soweit, der inzwischen f\u00fcnfte Bolzplatz.org Wandertag steht an. Stattfinden wird der Wandertag wie immer am 1. Mai.\u00a0In diesem Jahr geht es an die deutsch-franz\u00f6sische Grenze bei\u00a0Wissembourg\u00a0an die dortige\u00a0Maginot Linie. photo credit: Dirk Gently\u00a0&#8211;\u00a0CreativeCommons BY-NC-ND 2.0 &nbsp; Treffpunkt: 9:00 Uhr am Bolzplatz Wallstadt Geplante Abfahrt: 9:15 Uhr Start- und Ziel der Wanderung: [&hellip;]<\/p>\n","protected":false},"author":6,"featured_media":0,"comment_status":"open","ping_status":"open","sticky":false,"template":"","format":"standard","meta":{"footnotes":""},"categories":[1,3,7,8],"tags":[],"class_list":["post-3082","post","type-post","status-publish","format-standard","hentry","category-allgemein","category-bolzplatz","category-events","category-party"],"_links":{"self":[{"href":"https:\/\/www.bolzplatz.org\/index.php?rest_route=\/wp\/v2\/posts\/3082","targetHints":{"allow":["GET"]}}],"collection":[{"href":"https:\/\/www.bolzplatz.org\/index.php?rest_route=\/wp\/v2\/posts"}],"about":[{"href":"https:\/\/www.bolzplatz.org\/index.php?rest_route=\/wp\/v2\/types\/post"}],"author":[{"embeddable":true,"href":"https:\/\/www.bolzplatz.org\/index.php?rest_route=\/wp\/v2\/users\/6"}],"replies":[{"embeddable":true,"href":"https:\/\/www.bolzplatz.org\/index.php?rest_route=%2Fwp%2Fv2%2Fcomments&post=3082"}],"version-history":[{"count":31,"href":"https:\/\/www.bolzplatz.org\/index.php?rest_route=\/wp\/v2\/posts\/3082\/revisions"}],"predecessor-version":[{"id":3098,"href":"https:\/\/www.bolzplatz.org\/index.php?rest_route=\/wp\/v2\/posts\/3082\/revisions\/3098"}],"wp:attachment":[{"href":"https:\/\/www.bolzplatz.org\/index.php?rest_route=%2Fwp%2Fv2%2Fmedia&parent=3082"}],"wp:term":[{"taxonomy":"category","embeddable":true,"href":"https:\/\/www.bolzplatz.org\/index.php?rest_route=%2Fwp%2Fv2%2Fcategories&post=3082"},{"taxonomy":"post_tag","embeddable":true,"href":"https:\/\/www.bolzplatz.org\/index.php?rest_route=%2Fwp%2Fv2%2Ftags&post=3082"}],"curies":[{"name":"wp","href":"https:\/\/api.w.org\/{rel}","templated":true}]}}