


{"id":3364,"date":"2013-08-02T10:11:32","date_gmt":"2013-08-02T08:11:32","guid":{"rendered":"http:\/\/www.bolzplatz.org\/?p=3364"},"modified":"2013-08-02T10:11:32","modified_gmt":"2013-08-02T08:11:32","slug":"wallstadter-kerwe-2013-auf-dem-rathausplatz","status":"publish","type":"post","link":"https:\/\/www.bolzplatz.org\/?p=3364","title":{"rendered":"Wallstadter Kerwe 2013 auf dem Rathausplatz"},"content":{"rendered":"<p>Die diesj\u00e4hrige Wallstadter Kerwe, die wie immer von der Interessensgemeinschaft Wallstadter Vereine ausgerichtet wird, findet vom <strong>10. bis 12. August<\/strong> auf dem <strong>Rathausplatz<\/strong> statt. Mit Spannung wird dabei das neue \u00e4u\u00dfere Erscheinungsbild der Kerwe erwartet. Da die obligatorisch gewordene Konstruktion mit Schwerlastboden f\u00fcr das \u00fcbliche Kerwezelt vom Veranstalter finanziell nicht gestemmt werden kann, soll der Rathausplatz dieses Mal in eine Pavillonlandschaft mit s\u00fcdl\u00e4ndischem Ambiente verwandelt werden.<\/p>\n<p>An allen Kerwetagen sind auch dieses Mal wieder die allseits beliebten Schausteller mit von der Partie, deren St\u00e4nde am 10. August ab 13.00 Uhr sowie am 11. und 12. August ab 11.00 Uhr ge\u00f6ffnet sind. Ob Kinderkarussell, S\u00fc\u00dfwaren, Eis oder Dosenwerfen&#8211;f\u00fcr jeden ist etwas dabei!<\/p>\n<p>F\u00fcr das leibliche Wohl ist wie immer bestens gesorgt. Das Mitbringen von Speisen und Getr\u00e4nken ist nicht gestattet. Wichtig f\u00fcr Familien: Babynahrung ist hiervon ausgenommen!<\/p>\n<p>Bei freiem Eintritt wird auf der &#8222;Rathauspiazza&#8220; an den drei Kerwetagen das folgende Programm geboten:<\/p>\n<p><!--more--><\/p>\n<p><strong>Samstag, 10.08.2013<\/strong><\/p>\n<ul>\n<li>16.00 Uhr Er\u00f6ffnung mit Gru\u00dfwort der Stadt Mannheim und\u00a0 Fassbieranstich, musikalisch begleitet von der Brass-Band Wallstadt; im Anschluss &#8222;M\u00fcnchner Brotzeit&#8220; mit Leberk\u00e4s, Wei\u00dfw\u00fcrsten, Kartoffelsalat und Brezeln<\/li>\n<li>20.00 Uhr Live Musik mit den Cover-Bands &#8222;Easy Lay&#8220; und &#8222;Damn serious&#8220;<\/li>\n<li>24.00 Uhr Ende<\/li>\n<\/ul>\n<p><strong>Sonntag, 11.08.2013<\/strong><\/p>\n<ul>\n<li>11.00 Uhr\u00a0 Start zum 4. Wallstadter Kerwelauf am VR-Bank-Geb\u00e4ude (Anmeldung unter www.djk-wallstadt.de)<\/li>\n<li>12.00 Uhr Kerwe-Fr\u00fchschoppen unter dem Motto &#8222;Willkommen in Wallstadt&#8220;<\/li>\n<li>13.20 Uhr Siegerehrung Kerwelauf<\/li>\n<li>16.00 Uhr &#8222;Mannemer Lieder&#8220; mit den Gowe-Singers und Rolf Bleicher<\/li>\n<li>17.00 Uhr Zumba zum Mitmachen mit der DJK<\/li>\n<li>20.00 Uhr Live-Musik mit der Show-Band &#8222;Mind da Gap&#8220;<\/li>\n<li>24.00 Uhr Ende<\/li>\n<\/ul>\n<p><strong>Montag, 12.08.2013<\/strong><\/p>\n<ul>\n<li>11.30 Uhr Traditionelles Wellfleischessen<\/li>\n<li>13.00-17.00 Uhr Kinderprogramm<\/li>\n<li>20.00 Uhr Live-Musik mit den Show-Bands &#8222;Simple 80s&#8220; und &#8222;Damn serious&#8220;<\/li>\n<li>24.00 Uhr Ende<\/li>\n<\/ul>\n","protected":false},"excerpt":{"rendered":"<p>Die diesj\u00e4hrige Wallstadter Kerwe, die wie immer von der Interessensgemeinschaft Wallstadter Vereine ausgerichtet wird, findet vom 10. bis 12. August auf dem Rathausplatz statt. Mit Spannung wird dabei das neue \u00e4u\u00dfere Erscheinungsbild der Kerwe erwartet. Da die obligatorisch gewordene Konstruktion mit Schwerlastboden f\u00fcr das \u00fcbliche Kerwezelt vom Veranstalter finanziell nicht gestemmt werden kann, soll der [&hellip;]<\/p>\n","protected":false},"author":10,"featured_media":0,"comment_status":"open","ping_status":"open","sticky":false,"template":"","format":"standard","meta":{"footnotes":""},"categories":[1,7,8],"tags":[],"class_list":["post-3364","post","type-post","status-publish","format-standard","hentry","category-allgemein","category-events","category-party"],"_links":{"self":[{"href":"https:\/\/www.bolzplatz.org\/index.php?rest_route=\/wp\/v2\/posts\/3364","targetHints":{"allow":["GET"]}}],"collection":[{"href":"https:\/\/www.bolzplatz.org\/index.php?rest_route=\/wp\/v2\/posts"}],"about":[{"href":"https:\/\/www.bolzplatz.org\/index.php?rest_route=\/wp\/v2\/types\/post"}],"author":[{"embeddable":true,"href":"https:\/\/www.bolzplatz.org\/index.php?rest_route=\/wp\/v2\/users\/10"}],"replies":[{"embeddable":true,"href":"https:\/\/www.bolzplatz.org\/index.php?rest_route=%2Fwp%2Fv2%2Fcomments&post=3364"}],"version-history":[{"count":15,"href":"https:\/\/www.bolzplatz.org\/index.php?rest_route=\/wp\/v2\/posts\/3364\/revisions"}],"predecessor-version":[{"id":3379,"href":"https:\/\/www.bolzplatz.org\/index.php?rest_route=\/wp\/v2\/posts\/3364\/revisions\/3379"}],"wp:attachment":[{"href":"https:\/\/www.bolzplatz.org\/index.php?rest_route=%2Fwp%2Fv2%2Fmedia&parent=3364"}],"wp:term":[{"taxonomy":"category","embeddable":true,"href":"https:\/\/www.bolzplatz.org\/index.php?rest_route=%2Fwp%2Fv2%2Fcategories&post=3364"},{"taxonomy":"post_tag","embeddable":true,"href":"https:\/\/www.bolzplatz.org\/index.php?rest_route=%2Fwp%2Fv2%2Ftags&post=3364"}],"curies":[{"name":"wp","href":"https:\/\/api.w.org\/{rel}","templated":true}]}}