


{"id":3528,"date":"2014-07-30T18:59:35","date_gmt":"2014-07-30T16:59:35","guid":{"rendered":"http:\/\/www.bolzplatz.org\/?p=3528"},"modified":"2014-08-03T12:32:41","modified_gmt":"2014-08-03T10:32:41","slug":"auf-zur-wallstadter-kerwe-am-10-august-2014","status":"publish","type":"post","link":"https:\/\/www.bolzplatz.org\/?p=3528","title":{"rendered":"Auf zur Wallstadter Kerwe am 10. August 2014!"},"content":{"rendered":"<p>Die beliebte Wallstadter Kerwe wird dieses Jahr nicht wie gewohnt an drei Tagen, sondern lediglich eint\u00e4gig, n\u00e4mlich am <strong>Sonntag, den 10. August 2014,<\/strong> auf dem Rathausplatz stattfinden. Als Grund f\u00fcr die drastische Reduzierung f\u00fchrt die ausrichtende Interessengemeinschaft Wallstadter Vereine (IWV) neben ferienbedingtem mangelndem Engagement der Mitgliedervereine und h\u00f6heren Auflagen seitens der Stadt auch an, dass das Kerwezelt auf dem neuen Rathausplatz nicht ohne einen kostenintensiven Schwerlastboden gestellt werden kann, dessen Anschaffung offenbar ein zu gro\u00dfes finanzielles Risiko darstellt. Daher wird es auch bei dieser Kerwe, die unter dem Motto &#8222;Kerwe einmal kurz und knackig&#8220; steht, wohl wieder die Schirm-und Pavillonlandschaft auf dem Rathausplatz vom letzten Jahr geben, erg\u00e4nzt durch das Kerwecafe im Rathaus selbst, wo es auch eine <strong>Kunstausstellung<\/strong> geben wird.<\/p>\n<p>Die Kerwe beginnt mit dem <strong>Wallstadter Kerwelauf<\/strong>, der um 11 Uhr durch Neustadtr\u00e4tin Claudia Sch\u00f6ning-Kalender freigegeben wird. Um 11.30 Uhr erfolgt die <strong>offizielle Er\u00f6ffnung<\/strong> mit einer Ansprache des IWV-Pr\u00e4sidenten, dem Gru\u00dfwort der Stadt und dem Fassbieranstich. Am Mittag folgt die <strong>Siegerehrung zum Kerwelauf<\/strong>.<\/p>\n<p>Ab 15 Uhr spielt der<strong> &#8222;Mann mit der Quetsch<\/strong>&#8222;, Rolf Bleicher, &#8222;Mannemer Lieder&#8220; und ab 17 Uhr tritt die Nachwuchsband<strong> &#8222;Rohkost&#8220;<\/strong>, bekannt von ihrem begeisternden Auftritt beim diesj\u00e4hrigen Neujahrsempfang, auf. F\u00fcr das musikalische Mittags-und Abendprogramm konnte der Veranstalter wahrlich einen echten Hochkar\u00e4ter verpflichten: Das Duo <strong>&#8222;Zwoa Spitzbuam&#8220;<\/strong> bestehend aus Mike und Volker, das seit jeher das Gartenfest am Elkersberg musikalisch begleitet, wird f\u00fcr Stimmung sorgen. Sp\u00e4testens wenn Volker auf zwei Saxophonen oder hinter seinem R\u00fccken spielt, ist in aller Regel der Teufel los und die Feiergemeinde ist nicht mehr zu halten. Das Abendprogramm endet um 22.30 Uhr.<\/p>\n<p>Bolzplatz.org w\u00fcnscht allen Besuchern viel Spa\u00df auf der Wallstadter Kerwe 2014!<\/p>\n","protected":false},"excerpt":{"rendered":"<p>Die beliebte Wallstadter Kerwe wird dieses Jahr nicht wie gewohnt an drei Tagen, sondern lediglich eint\u00e4gig, n\u00e4mlich am Sonntag, den 10. August 2014, auf dem Rathausplatz stattfinden. Als Grund f\u00fcr die drastische Reduzierung f\u00fchrt die ausrichtende Interessengemeinschaft Wallstadter Vereine (IWV) neben ferienbedingtem mangelndem Engagement der Mitgliedervereine und h\u00f6heren Auflagen seitens der Stadt auch an, dass [&hellip;]<\/p>\n","protected":false},"author":10,"featured_media":0,"comment_status":"open","ping_status":"open","sticky":false,"template":"","format":"standard","meta":{"footnotes":""},"categories":[1,7,8],"tags":[],"class_list":["post-3528","post","type-post","status-publish","format-standard","hentry","category-allgemein","category-events","category-party"],"_links":{"self":[{"href":"https:\/\/www.bolzplatz.org\/index.php?rest_route=\/wp\/v2\/posts\/3528","targetHints":{"allow":["GET"]}}],"collection":[{"href":"https:\/\/www.bolzplatz.org\/index.php?rest_route=\/wp\/v2\/posts"}],"about":[{"href":"https:\/\/www.bolzplatz.org\/index.php?rest_route=\/wp\/v2\/types\/post"}],"author":[{"embeddable":true,"href":"https:\/\/www.bolzplatz.org\/index.php?rest_route=\/wp\/v2\/users\/10"}],"replies":[{"embeddable":true,"href":"https:\/\/www.bolzplatz.org\/index.php?rest_route=%2Fwp%2Fv2%2Fcomments&post=3528"}],"version-history":[{"count":8,"href":"https:\/\/www.bolzplatz.org\/index.php?rest_route=\/wp\/v2\/posts\/3528\/revisions"}],"predecessor-version":[{"id":3536,"href":"https:\/\/www.bolzplatz.org\/index.php?rest_route=\/wp\/v2\/posts\/3528\/revisions\/3536"}],"wp:attachment":[{"href":"https:\/\/www.bolzplatz.org\/index.php?rest_route=%2Fwp%2Fv2%2Fmedia&parent=3528"}],"wp:term":[{"taxonomy":"category","embeddable":true,"href":"https:\/\/www.bolzplatz.org\/index.php?rest_route=%2Fwp%2Fv2%2Fcategories&post=3528"},{"taxonomy":"post_tag","embeddable":true,"href":"https:\/\/www.bolzplatz.org\/index.php?rest_route=%2Fwp%2Fv2%2Ftags&post=3528"}],"curies":[{"name":"wp","href":"https:\/\/api.w.org\/{rel}","templated":true}]}}